{"id":5283,"date":"2025-12-03T08:35:22","date_gmt":"2025-12-03T08:35:22","guid":{"rendered":"https:\/\/kommen.es\/blog\/?p=5283"},"modified":"2025-12-03T08:35:23","modified_gmt":"2025-12-03T08:35:23","slug":"tradicion-de-san-nicolas-en-alemania-historia-celebracion-personajes","status":"publish","type":"post","link":"https:\/\/kommen.es\/blog\/tradicion-de-san-nicolas-en-alemania-historia-celebracion-personajes\/","title":{"rendered":"Tradici\u00f3n de San Nicol\u00e1s en Alemania: historia, celebraci\u00f3n y personajes"},"content":{"rendered":"\n<p>Aunque muchos piensan que la <strong>Navidad<\/strong> empieza el 24 de diciembre, en Alemania el ambiente festivo llega mucho antes. El <strong>D\u00eda de San Nicol\u00e1s<\/strong>, que se celebra cada 6 de diciembre, es una de las tradiciones m\u00e1s queridas del pa\u00eds. Combina historia, costumbres familiares y personajes que llevan siglos formando parte de la cultura alemana. <\/p>\n\n\n\n<p>Si es la primera vez que oyes hablar de esta celebraci\u00f3n o quieres saber qu\u00e9 se hace ese d\u00eda y <strong>por qu\u00e9 es tan especial<\/strong>, aqu\u00ed te contamos todo para que puedas disfrutarla como lo har\u00eda un alem\u00e1n.<\/p>\n\n\n\n<h2 class=\"wp-block-heading\">\u00bfCu\u00e1ndo se celebra San Nicol\u00e1s en Alemania?<\/h2>\n\n\n\n<p>La <strong>fecha del D\u00eda de San Nicol\u00e1s en Alemania<\/strong> no es aleatoria. Cada <strong>6 de diciembre<\/strong>, los ni\u00f1os se despiertan con la ilusi\u00f3n de encontrar sus botas llenas de dulces y peque\u00f1os regalos. Pero \u00bfpor qu\u00e9 espec\u00edficamente este d\u00eda?<\/p>\n\n\n\n<p class=\"has-background\" style=\"background-color:#f4c55d\">El 6 de diciembre se conmemora la muerte de <strong>San Nicol\u00e1s de Mira<\/strong>, un obispo del siglo IV conocido por su generosidad, especialmente hacia los ni\u00f1os y los m\u00e1s necesitados. Aunque su figura se extendi\u00f3 por toda Europa, en <strong>Alemania<\/strong> adquiri\u00f3 una <strong>presencia especialmente fuerte<\/strong> gracias a antiguas leyendas recogidas en monasterios y comunidades rurales.<\/p>\n\n\n\n<h2 class=\"wp-block-heading\">Fiesta de San Nicol\u00e1s en Alemania: significado cultural<\/h2>\n\n\n\n<p>El <strong>D\u00eda de San Nicol\u00e1s<\/strong> tiene un trasfondo cultural muy profundo en Alemania. Durante siglos, esta fecha marc\u00f3 el inicio simb\u00f3lico de la temporada festiva. Antes de que la Navidad adoptara el formato actual, era San Nicol\u00e1s quien llegaba con peque\u00f1os regalos y recordaba a las familias la importancia de la <strong>bondad, la generosidad y el buen comportamiento.<\/strong><\/p>\n\n\n\n<p>Esta tradici\u00f3n se inspira en San Nicol\u00e1s de Mira, un obispo conocido por ayudar en secreto a quienes lo necesitaban. <\/p>\n\n\n\n<blockquote class=\"wp-block-quote\">\n<p>Una de las<strong> leyendas m\u00e1s populares <\/strong>cuenta que dej\u00f3 bolsas de monedas para tres j\u00f3venes que se encontraban en una situaci\u00f3n dif\u00edcil. Ese gesto discreto y generoso es el coraz\u00f3n de la tradici\u00f3n actual: peque\u00f1os regalos, una visita nocturna y un mensaje claro sobre el valor de hacer el bien.<\/p>\n<\/blockquote>\n\n\n\n<p>Con el paso del tiempo, su figura viaj\u00f3 por Europa gracias a comerciantes y peregrinos, convirti\u00e9ndose en uno de los personajes m\u00e1s respetados del mundo medieval. En Alemania, adem\u00e1s, su presencia ha tenido siempre un<strong> toque educativo.<\/strong> Nikolaus:<\/p>\n\n\n\n<ul>\n<li>Representa la<strong> bondad y el esfuerzo.<\/strong><\/li>\n\n\n\n<li>Refuerza valores como la<strong> convivencia y el respeto.<\/strong><\/li>\n\n\n\n<li><strong>Invita a los ni\u00f1os<\/strong> a participar activamente en la tradici\u00f3n (limpiar las botas, preparar un poema o una canci\u00f3n).<\/li>\n\n\n\n<li>Mantiene vivas las<strong> costumbres familiares<\/strong> de generaci\u00f3n en generaci\u00f3n.<\/li>\n<\/ul>\n\n\n\n<figure class=\"wp-block-table is-style-regular\"><table class=\"has-fixed-layout\"><thead><tr><th class=\"has-text-align-center\" data-align=\"center\">San Nicol\u00e1s y la Navidad no son lo mismo. Cada uno tiene su propio momento y un significado distinto dentro del calendario.<\/th><\/tr><\/thead><tbody><tr><td class=\"has-text-align-center\" data-align=\"center\">&#8211;<strong>San Nicol\u00e1s (Nikolaus)<\/strong> llega el 6 de diciembre con dulces y peque\u00f1os detalles simb\u00f3licos. Su figura est\u00e1 ligada a la tradici\u00f3n religiosa y a valores morales.<\/td><\/tr><tr><td class=\"has-text-align-center\" data-align=\"center\">&#8211;<strong>Weihnachtsmann o Christkind<\/strong>, en cambio, aparecen en Navidad y traen los regalos m\u00e1s importantes, en un ambiente m\u00e1s festivo y moderno. \u00a1Por cierto! No te olvides de visitar tambi\u00e9n nuestro post sobre <strong><a href=\"https:\/\/kommen.es\/blog\/tradiciones-navidad-alemania\/\" title=\"\">c\u00f3mo se celebra la Navidad en Alemania<\/a><\/strong>.<\/td><\/tr><\/tbody><\/table><\/figure>\n\n\n\n<figure class=\"wp-block-image size-full\"><img loading=\"lazy\" decoding=\"async\" width=\"900\" height=\"471\" src=\"https:\/\/kommen.es\/blog\/wp-content\/uploads\/2025\/12\/fiesta-tradicion-dia-san-nicolas-alemania-cuando-se-celebra.jpg\" alt=\"Celebraci\u00f3n d\u00eda de San Nicol\u00e1s en Alemania\" class=\"wp-image-5346\" srcset=\"https:\/\/kommen.es\/blog\/wp-content\/uploads\/2025\/12\/fiesta-tradicion-dia-san-nicolas-alemania-cuando-se-celebra.jpg 900w, https:\/\/kommen.es\/blog\/wp-content\/uploads\/2025\/12\/fiesta-tradicion-dia-san-nicolas-alemania-cuando-se-celebra-300x157.jpg 300w, https:\/\/kommen.es\/blog\/wp-content\/uploads\/2025\/12\/fiesta-tradicion-dia-san-nicolas-alemania-cuando-se-celebra-768x402.jpg 768w\" sizes=\"(max-width: 900px) 100vw, 900px\" \/><\/figure>\n\n\n\n<h2 class=\"wp-block-heading\">\u00bfC\u00f3mo es el D\u00eda de San Nicol\u00e1s en Alemania?<\/h2>\n\n\n\n<p>Para entender bien c\u00f3mo se celebra el D\u00eda de San Nicol\u00e1s en Alemania, lo mejor es mirar c\u00f3mo se vive hoy en d\u00eda. Aunque es una tradici\u00f3n muy antigua, sigue teniendo un papel importante en la vida cotidiana, tanto en las escuelas como en las familias.<\/p>\n\n\n\n<h3 class=\"wp-block-heading\">Costumbres m\u00e1s populares<\/h3>\n\n\n\n<p>Estas son algunas de las costumbres m\u00e1s t\u00edpicas:<\/p>\n\n\n\n<ul>\n<li><strong>1. Dejar las botas en la puerta<\/strong>. La noche del 5 de diciembre, los ni\u00f1os limpian sus botas y las dejan en la puerta o en el pasillo. Es una forma de \u201cprepararse\u201d para la visita de Nikolaus, que solo llena las botas de quienes se han portado bien y las dejan listas.<\/li>\n\n\n\n<li><strong>2. Las botas llenas al amanecer<\/strong>. A la ma\u00f1ana siguiente, el 6 de diciembre, los ni\u00f1os encuentran sus botas con peque\u00f1os regalos como: mandarinas, nueces, galletas de temporada como <em>lebkuchen<\/em>, chocolates, peque\u00f1os juguetes o figuras de chocolate con forma de San Nicol\u00e1s.<\/li>\n\n\n\n<li><strong>3. Poemas y canciones<\/strong>. En muchas familias y escuelas, los ni\u00f1os preparan una canci\u00f3n o un peque\u00f1o poema para recitar cuando llega Nikolaus.<\/li>\n\n\n\n<li><strong>4. Visitas a colegios y asociaciones<\/strong>. En guarder\u00edas, colegios o clubes deportivos suele aparecer un San Nicol\u00e1s vestido con t\u00fanica, mitra y b\u00e1culo. Habla con los ni\u00f1os, les da \u00e1nimos y refuerza valores como el respeto y la buena convivencia.<\/li>\n<\/ul>\n\n\n\n<h3 class=\"wp-block-heading\">Regalos, dulces y productos t\u00edpicos<\/h3>\n\n\n\n<p>Uno de los elementos m\u00e1s especiales del D\u00eda de San Nicol\u00e1s es la <strong>comida t\u00edpica de Adviento. <\/strong>En Alemania, la reposter\u00eda tiene un protagonismo enorme en estas fechas, y muchas de sus elaboraciones m\u00e1s tradicionales est\u00e1n directamente asociadas a esta celebraci\u00f3n.<\/p>\n\n\n\n<p>Entre los dulces m\u00e1s comunes encontrar\u00e1s:<\/p>\n\n\n\n<ul>\n<li><strong>Lebkuchen<\/strong>, un pan de especias muy arom\u00e1tico, ideal para el invierno. Aqu\u00ed te dejamos m\u00e1s detalles sobre la <strong><a href=\"https:\/\/kommen.es\/blog\/lebkuchen-galletas-historia-tipos\/\" title=\"\">historia y tipos de Lebkuchen<\/a><\/strong>.<\/li>\n\n\n\n<li><strong>Spekulatius<\/strong>, galletas finas y crujientes con canela y otras especias.<\/li>\n\n\n\n<li><strong>Marzipan<\/strong>, figuras de mazap\u00e1n con distintas formas.<\/li>\n\n\n\n<li><strong>Stutenkerl o Weckmann<\/strong>, un bollo con forma de mu\u00f1eco, muy t\u00edpico en el oeste del pa\u00eds.<\/li>\n\n\n\n<li><strong>Chocolates de San Nicol\u00e1s<\/strong>, quiz\u00e1 el dulce m\u00e1s representativo del 6 de diciembre.<\/li>\n<\/ul>\n\n\n\n<blockquote class=\"wp-block-quote\">\n<p>Si quieres preparar una bota de Nikolaus aut\u00e9ntica, en <strong>Kommen<\/strong> encontrar\u00e1s una gran variedad de <strong><a href=\"https:\/\/kommen.es\/panaderia-alemana-5\" target=\"_blank\" rel=\"noopener\" title=\"\">dulces alemanes y chocolates tradicionales<\/a><\/strong> perfectos para esta fecha.<\/p>\n<\/blockquote>\n\n\n\n<div class=\"wp-block-cover\" style=\"min-height:162px\"><span aria-hidden=\"true\" class=\"wp-block-cover__background has-background-dim\"><\/span><img loading=\"lazy\" decoding=\"async\" width=\"900\" height=\"300\" class=\"wp-block-cover__image-background wp-image-5331\" alt=\"\" src=\"https:\/\/kommen.es\/blog\/wp-content\/uploads\/2025\/12\/tradicion-san-nicolas-alemania-que-dia-es-gastronomia.jpg\" data-object-fit=\"cover\" srcset=\"https:\/\/kommen.es\/blog\/wp-content\/uploads\/2025\/12\/tradicion-san-nicolas-alemania-que-dia-es-gastronomia.jpg 900w, https:\/\/kommen.es\/blog\/wp-content\/uploads\/2025\/12\/tradicion-san-nicolas-alemania-que-dia-es-gastronomia-300x100.jpg 300w, https:\/\/kommen.es\/blog\/wp-content\/uploads\/2025\/12\/tradicion-san-nicolas-alemania-que-dia-es-gastronomia-768x256.jpg 768w\" sizes=\"(max-width: 900px) 100vw, 900px\" \/><div class=\"wp-block-cover__inner-container is-layout-constrained wp-block-cover-is-layout-constrained\">\n<div class=\"wp-block-buttons alignwide is-content-justification-center is-layout-flex wp-container-core-buttons-layout-1 wp-block-buttons-is-layout-flex\">\n<div class=\"wp-block-button\"><a class=\"wp-block-button__link has-red-color has-yellow-background-color has-text-color has-background wp-element-button\" href=\"https:\/\/kommen.es\/panaderia-alemana-5\" style=\"border-radius:10px\" target=\"_blank\" rel=\"noreferrer noopener\"><strong><strong>DESCUBRE TODOS NUESTROS DULCES ALEMANES<\/strong><\/strong><\/a><\/div>\n<\/div>\n\n\n\n<div class=\"wp-block-buttons is-layout-flex wp-block-buttons-is-layout-flex\"><\/div>\n<\/div><\/div>\n\n\n\n<h3 class=\"wp-block-heading\">Variaciones regionales en la celebraci\u00f3n<\/h3>\n\n\n\n<p>Como ocurre con muchas tradiciones, cada zona de Alemania tiene su manera particular de celebrarla:<\/p>\n\n\n\n<ul>\n<li><strong>Baviera y Austria:<\/strong> Nikolaus suele aparecer acompa\u00f1ado de Krampus, una figura m\u00e1s imponente.<\/li>\n\n\n\n<li><strong>Renania:<\/strong> se suma Knecht Ruprecht, su ayudante tradicional.<\/li>\n\n\n\n<li><strong>Norte de Alemania:<\/strong> la fiesta es m\u00e1s sencilla, centrada en los dulces.<\/li>\n\n\n\n<li><strong>Regiones cat\u00f3licas:<\/strong> Nikolaus se presenta con su atuendo episcopal completo.<\/li>\n\n\n\n<li><strong>Regiones protestantes:<\/strong> la tradici\u00f3n se mantiene, pero de manera m\u00e1s laica.<\/li>\n<\/ul>\n\n\n\n<h3 class=\"wp-block-heading\">C\u00f3mo se vive hoy en escuelas y familias<\/h3>\n\n\n\n<p>Aunque muchas costumbres han ido cambiando, el D\u00eda de San Nicol\u00e1s sigue muy presente:<\/p>\n\n\n\n<ul>\n<li>En <strong>escuelas y guarder\u00edas<\/strong>, los ni\u00f1os celebran peque\u00f1as fiestas y algunos centros reciben la visita de Nikolaus, que lee notas de un \u201clibro dorado\u201d con comentarios positivos y consejos para mejorar.<\/li>\n\n\n\n<li>En las <strong>familias<\/strong>, el momento m\u00e1s especial es la ma\u00f1ana del 6 de diciembre, cuando los ni\u00f1os descubren qu\u00e9 ha dejado Nikolaus en sus botas.<\/li>\n\n\n\n<li>Las <strong>panader\u00edas y pasteler\u00edas<\/strong> preparan dulces espec\u00edficos para esta fecha, reforzando el ambiente festivo.<\/li>\n\n\n\n<li>En algunas ciudades hay <strong>desfiles, mercadillos o actividades especiales<\/strong>. Si te encantan los mercadillos navide\u00f1os, no te pierdas este otro post: <strong><a href=\"https:\/\/kommen.es\/blog\/mejores-mercadillos-navidenos-de-alemania-y-comida-tipica\/\" title=\"\">Los mejores mercadillos navide\u00f1os de Alemania y qu\u00e9 comer en ellos<\/a><\/strong>.<\/li>\n<\/ul>\n\n\n\n<p class=\"has-text-align-center has-background has-medium-font-size\" style=\"background-color:#ffffff\">La gastronom\u00eda alemana de Adviento tiene un papel clave en el <strong>D\u00eda de San Nicol\u00e1s<\/strong>. En <strong>tiendas como Kommen<\/strong> puedes encontrar chocolates tradicionales, stollen y otros dulces t\u00edpicos que ayudan a recrear el ambiente alem\u00e1n y mantener viva la esencia de Nikolaus.<\/p>\n\n\n\n<div class=\"wp-block-buttons alignwide is-content-justification-center is-layout-flex wp-container-core-buttons-layout-3 wp-block-buttons-is-layout-flex\">\n<div class=\"wp-block-button\"><a class=\"wp-block-button__link has-red-color has-yellow-background-color has-text-color has-background wp-element-button\" href=\"https:\/\/kommen.es\/\" style=\"border-radius:10px\" target=\"_blank\" rel=\"noreferrer noopener\"><strong><strong><strong>VER PRODUCTOS GOURMET ALEMANES<\/strong><\/strong><\/strong><\/a><\/div>\n<\/div>\n\n\n\n<h2 class=\"wp-block-heading\">\u00bfQui\u00e9n acompa\u00f1a a San Nicol\u00e1s en Alemania?<\/h2>\n\n\n\n<p>La figura que acompa\u00f1a a San Nicol\u00e1s cambia seg\u00fan la regi\u00f3n, y eso es parte del encanto de la tradici\u00f3n. <\/p>\n\n\n\n<p>En gran parte del pa\u00eds aparece <strong>Knecht Ruprecht<\/strong>, un personaje vestido de oscuro que no act\u00faa como villano, sino como un recordatorio simb\u00f3lico de que los actos tienen consecuencias. En las zonas alpinas de Alemania y Austria es m\u00e1s com\u00fan <strong>Krampus<\/strong>, una figura del folclore local con un aspecto m\u00e1s llamativo pero que cumple un papel similar.<\/p>\n\n\n\n<p>Tambi\u00e9n existen otros acompa\u00f1antes menos conocidos, como <strong>Belsnickel<\/strong>, <strong>Rumpelklas<\/strong> o <strong>Pelzm\u00e4rtel<\/strong>, que forman parte de tradiciones muy concretas. <\/p>\n\n\n\n<p>Aunque antiguamente pod\u00edan ser personajes m\u00e1s intimidantes, hoy su presencia es mucho m\u00e1s amable y educativa. Nikolaus sigue siendo el protagonista, y estos acompa\u00f1antes aportan un toque folcl\u00f3rico que var\u00eda de una regi\u00f3n a otra.<\/p>\n\n\n\n<blockquote class=\"wp-block-quote\">\n<p>El <strong>D\u00eda de San Nicol\u00e1s<\/strong> es una de esas tradiciones que, pese a su sencillez, conserva un encanto especial. Combina historia, valores familiares y peque\u00f1os rituales que marcan el <strong>inicio del Adviento en Alemania.<\/strong><\/p>\n<\/blockquote>\n\n\n\n<p>Para completar la experiencia, te dejamos tres posts perfectos para seguir disfrutando del invierno y las tradiciones alemanas:<\/p>\n\n\n\n<ul>\n<li><strong><a href=\"https:\/\/kommen.es\/blog\/que-poner-en-una-cesta-de-navidad-productos-que-no-pueden-faltar\/\" title=\"\">\u00bfQu\u00e9 poner en una cesta de Navidad? Ideas gourmet para sorprender<\/a><\/strong><\/li>\n\n\n\n<li><strong><a href=\"https:\/\/kommen.es\/blog\/ideas-regalo-navidad-productos-alemanes\/\" title=\"\">Los mejores regalos de Navidad con productos alemanes para gourmets<\/a><\/strong><\/li>\n\n\n\n<li><strong><a href=\"https:\/\/kommen.es\/blog\/que-se-come-en-alemania-en-navidad-platos-tipicos-navidenos\/\" title=\"\">\u00bfQu\u00e9 se come en Alemania en Navidad? Platos t\u00edpicos y tradiciones gastron\u00f3micas<\/a><\/strong><\/li>\n<\/ul>\n\n\n\n<div style=\"height:25px\" aria-hidden=\"true\" class=\"wp-block-spacer\"><\/div>\n\n\n\n<div class=\"wp-block-group is-layout-constrained wp-block-group-is-layout-constrained\"><div class=\"wp-block-group__inner-container\">\n<p class=\"has-text-align-center has-background\" style=\"background-color:#eee4e3\">En <strong><a href=\"https:\/\/kommen.es\/\" target=\"_blank\" rel=\"noopener\" title=\"\">Kommen.es<\/a><\/strong> trabajamos cada d\u00eda para acercar lo mejor de la<strong> gastronom\u00eda alemana <\/strong>a tu mesa. Somos una<strong> tienda especializada <\/strong>en productos aut\u00e9nticos y <strong><a href=\"https:\/\/kommen.es\/lotes--45\" target=\"_blank\" rel=\"noopener\" title=\"\">lotes gourmet<\/a><\/strong> de alta calidad, seleccionados con mimo para que disfrutes de los sabores tradicionales de Alemania sin salir de casa. <\/p>\n<\/div><\/div>\n\n\n\n<div class=\"wp-block-group is-layout-constrained wp-block-group-is-layout-constrained\"><div class=\"wp-block-group__inner-container\">\n<p class=\"has-text-align-center has-background\" style=\"background-color:#eee4e3\">Si tienes cualquier duda o necesitas asesoramiento para elegir tus productos, no dudes en <a href=\"https:\/\/kommen.es\/contactenos\" target=\"_blank\" rel=\"noopener\" title=\"\">contactar con nosotros<\/a>. Estaremos encantados de ayudarte a crear tu propia experiencia alemana.<\/p>\n<\/div><\/div>\n\n\n\n<p><\/p>\n","protected":false},"excerpt":{"rendered":"<p>Aunque muchos piensan que la Navidad empieza el 24 de diciembre, en Alemania el ambiente festivo llega mucho antes. El D\u00eda de San Nicol\u00e1s, que se celebra cada 6 de [&hellip;]<\/p>\n","protected":false},"author":12,"featured_media":5345,"comment_status":"closed","ping_status":"closed","sticky":false,"template":"","format":"standard","meta":{"_acf_changed":false,"inline_featured_image":false,"footnotes":""},"categories":[7],"tags":[46],"acf":[],"aioseo_notices":[],"_links":{"self":[{"href":"https:\/\/kommen.es\/blog\/wp-json\/wp\/v2\/posts\/5283"}],"collection":[{"href":"https:\/\/kommen.es\/blog\/wp-json\/wp\/v2\/posts"}],"about":[{"href":"https:\/\/kommen.es\/blog\/wp-json\/wp\/v2\/types\/post"}],"author":[{"embeddable":true,"href":"https:\/\/kommen.es\/blog\/wp-json\/wp\/v2\/users\/12"}],"replies":[{"embeddable":true,"href":"https:\/\/kommen.es\/blog\/wp-json\/wp\/v2\/comments?post=5283"}],"version-history":[{"count":37,"href":"https:\/\/kommen.es\/blog\/wp-json\/wp\/v2\/posts\/5283\/revisions"}],"predecessor-version":[{"id":5348,"href":"https:\/\/kommen.es\/blog\/wp-json\/wp\/v2\/posts\/5283\/revisions\/5348"}],"wp:featuredmedia":[{"embeddable":true,"href":"https:\/\/kommen.es\/blog\/wp-json\/wp\/v2\/media\/5345"}],"wp:attachment":[{"href":"https:\/\/kommen.es\/blog\/wp-json\/wp\/v2\/media?parent=5283"}],"wp:term":[{"taxonomy":"category","embeddable":true,"href":"https:\/\/kommen.es\/blog\/wp-json\/wp\/v2\/categories?post=5283"},{"taxonomy":"post_tag","embeddable":true,"href":"https:\/\/kommen.es\/blog\/wp-json\/wp\/v2\/tags?post=5283"}],"curies":[{"name":"wp","href":"https:\/\/api.w.org\/{rel}","templated":true}]}}